{"id":1,"date":"2022-02-07T18:39:39","date_gmt":"2022-02-07T17:39:39","guid":{"rendered":"http:\/\/saint-frajou.com\/?p=1"},"modified":"2022-12-12T09:19:00","modified_gmt":"2022-12-12T08:19:00","slug":"bonjour-tout-le-monde","status":"publish","type":"post","link":"https:\/\/www.saint-frajou.com\/index.php\/2022\/02\/07\/bonjour-tout-le-monde\/","title":{"rendered":"Le mot du Maire"},"content":{"rendered":"\n<div class=\"wp-block-media-text alignwide is-stacked-on-mobile\"><figure class=\"wp-block-media-text__media\"><img fetchpriority=\"high\" decoding=\"async\" width=\"648\" height=\"364\" src=\"https:\/\/www.saint-frajou.com\/wp-content\/uploads\/2022\/12\/Saint-Frajou-bis-1.webp\" alt=\"\" class=\"wp-image-1356 size-full\" srcset=\"https:\/\/www.saint-frajou.com\/wp-content\/uploads\/2022\/12\/Saint-Frajou-bis-1.webp 648w, https:\/\/www.saint-frajou.com\/wp-content\/uploads\/2022\/12\/Saint-Frajou-bis-1-300x169.webp 300w\" sizes=\"(max-width: 648px) 100vw, 648px\" \/><\/figure><div class=\"wp-block-media-text__content\">\n<p>Avec l&rsquo;ensemble de \u00e9quipe municipale, il nous paraissait important de vous proposer un outil de communication r\u00e9actif et attractif de mani\u00e8re \u00e0 vous informer r\u00e9guli\u00e8rement des nouveaut\u00e9s et \u00e9v\u00e8nements concernant notre commune.<\/p>\n\n\n\n<p>Je suis donc heureux aujourd\u2019hui que vous d\u00e9couvriez ce site internet.<\/p>\n\n\n\n<p>J\u2019esp\u00e8re que ce nouvel outil facilitera votre vie et vos d\u00e9marches administratives ainsi que celles des nouveaux arrivants de Saint-Frajou.<\/p>\n\n\n\n<p>Nous avons \u00e0 c\u0153ur de le faire vivre en l\u2019actualisant r\u00e9guli\u00e8rement, c\u2019est pourquoi nous vous invitons, tout au long de l\u2019ann\u00e9e, \u00e0 nous faire part de vos suggestions, \u00e9v\u00e8nements, nouveaut\u00e9s, actualit\u00e9s \u2026<\/p>\n\n\n\n<p>Je vous souhaite une agr\u00e9able navigation afin de d\u00e9couvrir notre beau village.<\/p>\n\n\n\n<p>Alain DAVEZAC, Maire de Saint-Frajou<\/p>\n<\/div><\/div>\n\n\n\n<p><\/p>\n\n\n\n<div class=\"wp-block-gutena-newsletter gutena-newsletter-block is-layout-flow wp-block-gutena-newsletter-is-layout-flow\">\n<div class=\"wp-block-columns has-border-color has-background-background-color has-background is-layout-flex wp-container-core-columns-is-layout-a9c44599 wp-block-columns-is-layout-flex\" style=\"border-color:#0c0c0c;border-style:solid;border-width:1px;border-radius:10px;margin-top:0;margin-right: 0;margin-bottom:0;margin-left:0;padding-top:40px;padding-right: 40px;padding-bottom:40px;padding-left:40px\">\n<div class=\"wp-block-column is-vertically-aligned-center gutena-newsletter-col-first is-layout-flow wp-block-column-is-layout-flow\" style=\"flex-basis:30%\"><div class=\"wp-block-image\">\n<figure class=\"aligncenter size-full is-resized\"><img decoding=\"async\" src=\"https:\/\/www.saint-frajou.com\/wp-content\/plugins\/newsletter-block-by-gutena\/build\/images\/image.c7f425bc.png\" alt=\"Image\" width=\"140\" height=\"115\"\/><\/figure>\n<\/div><\/div>\n\n\n\n<div class=\"wp-block-column gutena-newsletter-col-last is-layout-flow wp-container-core-column-is-layout-3be0b8f9 wp-block-column-is-layout-flow\">\n<h2 class=\"wp-block-heading\" style=\"margin-top:0px;margin-right:0px;margin-bottom:6px;margin-left:0px;font-size:28px\">newsletter<\/h2>\n\n\n\n<p style=\"margin-top:0px;margin-right:0px;margin-bottom:10px;margin-left:0px;font-size:14px\"><\/p>\n\n\n\n<div class=\"wp-block-group\"><div class=\"wp-block-group__inner-container is-layout-constrained wp-block-group-is-layout-constrained\">\n<div class=\"wp-block-gutena-newsletter-form gutena-newsletter-form-block message-left\" style=\"--gutena--newsletter-input-button-gap:10px\"><form class=\"gutena-newsletter-form row\">\n<div class=\"wp-block-gutena-newsletter-input-field gutena-newsletter-form-input-block has-text-color has-background\" style=\"border-radius:5px;color:#000000;background-color:#EBEBEB;padding-top:12px;padding-right:20px;padding-bottom:12px;padding-left:20px;font-size:15px\"><input type=\"email\" id=\"gutena-newsletter-field\" class=\"gutena-newsletter-field left\" placeholder=\"name@email.com\" aria-label=\"Input Field\"\/><\/div>\n\n\n\n<div class=\"wp-block-gutena-newsletter-submit-button gutena-newsletter-submit-button-block auto has-text-color has-background\" style=\"border-radius:5px;color:#ffffff;background-color:#3F6DE4;padding-top:12px;padding-right:20px;padding-bottom:12px;padding-left:20px;font-size:14px;--gutena--newsletter-button-icon-spacing:5px;--gutena--newsletter-button-icon-color:#ffffff\"><button type=\"submit\" id=\"gutena-newsletter-action\" class=\"gutena-newsletter-action icon-right with-text\" aria-label=\"Submit Buton\"><span class=\"gutena-newsletter-button-text\"><span>Subscribe<\/span><\/span><\/button><\/div>\n<input type='hidden' id='gutena-newsletter-settings' class='gutena-newsletter-settings' value='{\"stackOnMobile\":true,\"textSuccess\":\"Thank you for subscribing!\",\"textSubscribed\":\"You\\u0027re already subscribed with us!\"}' \/><\/form><\/div>\n\n\n\n<p style=\"font-size:14px\"><\/p>\n<\/div><\/div>\n<\/div>\n<\/div>\n<\/div>\n","protected":false},"excerpt":{"rendered":"<p>Avec l&rsquo;ensemble de \u00e9quipe municipale, il nous paraissait important de vous proposer un outil de communication r\u00e9actif et attractif de mani\u00e8re \u00e0 vous informer r\u00e9guli\u00e8rement des nouveaut\u00e9s et \u00e9v\u00e8nements concernant notre commune. Je suis donc heureux aujourd\u2019hui que vous d\u00e9couvriez ce site internet. J\u2019esp\u00e8re que ce nouvel outil facilitera votre [&hellip;]<\/p>\n","protected":false},"author":1,"featured_media":0,"comment_status":"closed","ping_status":"closed","sticky":false,"template":"","format":"standard","meta":{"footnotes":""},"categories":[1],"tags":[],"class_list":["post-1","post","type-post","status-publish","format-standard","hentry","category-non-classe"],"_links":{"self":[{"href":"https:\/\/www.saint-frajou.com\/index.php\/wp-json\/wp\/v2\/posts\/1","targetHints":{"allow":["GET"]}}],"collection":[{"href":"https:\/\/www.saint-frajou.com\/index.php\/wp-json\/wp\/v2\/posts"}],"about":[{"href":"https:\/\/www.saint-frajou.com\/index.php\/wp-json\/wp\/v2\/types\/post"}],"author":[{"embeddable":true,"href":"https:\/\/www.saint-frajou.com\/index.php\/wp-json\/wp\/v2\/users\/1"}],"replies":[{"embeddable":true,"href":"https:\/\/www.saint-frajou.com\/index.php\/wp-json\/wp\/v2\/comments?post=1"}],"version-history":[{"count":9,"href":"https:\/\/www.saint-frajou.com\/index.php\/wp-json\/wp\/v2\/posts\/1\/revisions"}],"predecessor-version":[{"id":1392,"href":"https:\/\/www.saint-frajou.com\/index.php\/wp-json\/wp\/v2\/posts\/1\/revisions\/1392"}],"wp:attachment":[{"href":"https:\/\/www.saint-frajou.com\/index.php\/wp-json\/wp\/v2\/media?parent=1"}],"wp:term":[{"taxonomy":"category","embeddable":true,"href":"https:\/\/www.saint-frajou.com\/index.php\/wp-json\/wp\/v2\/categories?post=1"},{"taxonomy":"post_tag","embeddable":true,"href":"https:\/\/www.saint-frajou.com\/index.php\/wp-json\/wp\/v2\/tags?post=1"}],"curies":[{"name":"wp","href":"https:\/\/api.w.org\/{rel}","templated":true}]}}